{"id":29760,"date":"2023-11-06T18:38:26","date_gmt":"2023-11-06T17:38:26","guid":{"rendered":"https:\/\/ecole-peg.ch\/?p=29760"},"modified":"2026-02-10T10:16:52","modified_gmt":"2026-02-10T09:16:52","slug":"frances-para-los-profesionales-de-la-salud","status":"publish","type":"post","link":"https:\/\/ecole-peg.ch\/es\/frances-para-los-profesionales-de-la-salud\/","title":{"rendered":"FRANC\u00c9S PARA LOS PROFESIONALES DE LA SALUD"},"content":{"rendered":"<p>[et_pb_section fb_built=\u00bb1&#8243; _builder_version=\u00bb4.22.2&#8243; _module_preset=\u00bbdefault\u00bb global_colors_info=\u00bb{}\u00bb][et_pb_row column_structure=\u00bb1_2,1_2&#8243; _builder_version=\u00bb4.22.2&#8243; _module_preset=\u00bbdefault\u00bb global_colors_info=\u00bb{}\u00bb][et_pb_column type=\u00bb1_2&#8243; _builder_version=\u00bb4.22.2&#8243; _module_preset=\u00bbdefault\u00bb global_colors_info=\u00bb{}\u00bb][et_pb_button button_url=\u00bbhttps:\/\/ecole-peg.ch\/es\/preinscription\/\u00bb button_text=\u00bbINSCRIPCI\u00d3N\u00bb button_alignment=\u00bbcenter\u00bb _builder_version=\u00bb4.23&#8243; _module_preset=\u00bbdefault\u00bb custom_margin=\u00bb||41px|||\u00bb global_module=\u00bb29753&#8243; global_colors_info=\u00bb{}\u00bb][\/et_pb_button][et_pb_text _builder_version=\u00bb4.27.4&#8243; _module_preset=\u00bbdefault\u00bb text_font_size=\u00bb16px\u00bb global_colors_info=\u00bb{}\u00bb]<\/p>\n<p><strong>Requisitos : nivel A2 validado<\/strong><\/p>\n<p>[\/et_pb_text][et_pb_text _builder_version=\u00bb4.23&#8243; _module_preset=\u00bbdefault\u00bb custom_padding=\u00bb32px|||||\u00bb global_colors_info=\u00bb{}\u00bb]<\/p>\n<h3>Descripci\u00f3n del curso<\/h3>\n<p>[\/et_pb_text][et_pb_text _builder_version=\u00bb4.27.4&#8243; _module_preset=\u00bbdefault\u00bb text_font_size=\u00bb17px\u00bb global_colors_info=\u00bb{}\u00bb]<\/p>\n<p><strong>Este curso est\u00e1 destinado a los profesionales de la salud extranjeros (m\u00e9dicos, enfermeras, personal hospitalario,) que ejercen o se espera que ejerzan en la Suiza franc\u00f3fona.<\/strong><\/p>\n<p>[\/et_pb_text][\/et_pb_column][et_pb_column type=\u00bb1_2&#8243; _builder_version=\u00bb4.22.2&#8243; _module_preset=\u00bbdefault\u00bb global_colors_info=\u00bb{}\u00bb][et_pb_image src=\u00bbhttps:\/\/ecole-peg.ch\/wp-content\/uploads\/2019\/07\/medical-563427_1920.jpg\u00bb title_text=\u00bbmedical-563427_1920&#8243; _builder_version=\u00bb4.27.4&#8243; _module_preset=\u00bbdefault\u00bb global_colors_info=\u00bb{}\u00bb][\/et_pb_image][\/et_pb_column][\/et_pb_row][et_pb_row _builder_version=\u00bb4.22.2&#8243; _module_preset=\u00bbdefault\u00bb custom_padding=\u00bb12px|||||\u00bb global_colors_info=\u00bb{}\u00bb][et_pb_column type=\u00bb4_4&#8243; _builder_version=\u00bb4.22.2&#8243; _module_preset=\u00bbdefault\u00bb global_colors_info=\u00bb{}\u00bb][et_pb_text _builder_version=\u00bb4.27.4&#8243; _module_preset=\u00bbdefault\u00bb text_font_size=\u00bb16px\u00bb global_colors_info=\u00bb{}\u00bb]<\/p>\n<p><strong>Finalidad:<span>\u00a0<\/span><\/strong><\/p>\n<p>Adquirir el vocabulario y las expresiones utilizadas en los hospitales. Practicar la utilizaci\u00f3n de los tiempos verbales a emplear y la pronunciaci\u00f3n para comprender a los pacientes\/compa\u00f1eros de trabajo a trav\u00e9s de simulaciones de situaciones reales (consultas del personal m\u00e9dico\/pacientes).<\/p>\n<p>&nbsp;<\/p>\n<p><strong>Objetivos educativos:<\/strong><\/p>\n<p>Ense\u00f1ar al cuidador extranjero a entender y comunicarse con el paciente.<\/p>\n<p>Ayudar el profesional de la salud extranjero a dialogar con el equipo m\u00e9dico franc\u00f3fono.<\/p>\n<p>&nbsp;<\/p>\n<p><strong>Certificaci\u00f3n:<\/strong><\/p>\n<p>Certificado de participaci\u00f3n y \u00e9xito en el examen programado por la escuela PEG.<\/p>\n<p>[\/et_pb_text][\/et_pb_column][\/et_pb_row][et_pb_row column_structure=\u00bb1_3,1_3,1_3&#8243; _builder_version=\u00bb4.27.4&#8243; _module_preset=\u00bbdefault\u00bb global_colors_info=\u00bb{}\u00bb][et_pb_column type=\u00bb1_3&#8243; _builder_version=\u00bb4.27.4&#8243; _module_preset=\u00bbdefault\u00bb global_colors_info=\u00bb{}\u00bb][et_pb_button button_url=\u00bbhttps:\/\/ecole-peg.ch\/es\/precios\/\u00bb button_text=\u00bbConsulte nuestros precios\u00bb button_alignment=\u00bbcenter\u00bb _builder_version=\u00bb4.27.4&#8243; _module_preset=\u00bbdefault\u00bb global_colors_info=\u00bb{}\u00bb][\/et_pb_button][\/et_pb_column][et_pb_column type=\u00bb1_3&#8243; _builder_version=\u00bb4.27.4&#8243; _module_preset=\u00bbdefault\u00bb global_colors_info=\u00bb{}\u00bb][et_pb_accordion _builder_version=\u00bb4.27.4&#8243; _module_preset=\u00bbdefault\u00bb global_colors_info=\u00bb{}\u00bb][et_pb_accordion_item title=\u00bbCAF (Ch\u00e8que annuel de formation)\u00bb open=\u00bbon\u00bb _builder_version=\u00bb4.27.4&#8243; _module_preset=\u00bbdefault\u00bb body_font_size=\u00bb16px\u00bb text_orientation=\u00bbcenter\u00bb border_color_all=\u00bb#E85342&#8243; global_colors_info=\u00bb{}\u00bb toggle_level=\u00bbh4&#8243;]<\/p>\n<p>Se acepta el<span>\u00a0<\/span><a href=\"https:\/\/www.ge.ch\/beneficier-cheque-annuel-formation\">CAF<\/a><\/p>\n<p><strong>Referencia del curso: 3807<\/strong><\/p>\n<p>C\u00f3digo de instituci\u00f3n: 248<\/p>\n<p>[\/et_pb_accordion_item][\/et_pb_accordion][\/et_pb_column][et_pb_column type=\u00bb1_3&#8243; _builder_version=\u00bb4.27.4&#8243; _module_preset=\u00bbdefault\u00bb global_colors_info=\u00bb{}\u00bb][et_pb_accordion _builder_version=\u00bb4.27.5&#8243; _module_preset=\u00bbdefault\u00bb link_option_url=\u00bbhttps:\/\/ecole-peg.ch\/es\/preinscription\/\u00bb global_colors_info=\u00bb{}\u00bb hover_enabled=\u00bb0&#8243; sticky_enabled=\u00bb0&#8243;][et_pb_accordion_item title=\u00bbPr\u00f3ximo curso\u00bb open=\u00bbon\u00bb _builder_version=\u00bb4.27.5&#8243; _module_preset=\u00bbdefault\u00bb body_font_size=\u00bb16px\u00bb link_option_url=\u00bbhttps:\/\/ecole-peg.ch\/es\/preinscription\/\u00bb scroll_scaling_enable=\u00bbon\u00bb box_shadow_style=\u00bbpreset4&#8243; global_colors_info=\u00bb{}\u00bb toggle_level=\u00bbh4&#8243; hover_enabled=\u00bb0&#8243; sticky_enabled=\u00bb0&#8243;]<\/p>\n<p><strong><span>10 de marzo 2026<\/span><\/strong><\/p>\n<p><span>Sesi\u00f3n de 12 semanas<\/span><\/p>\n<p>Martes y jueves<\/p>\n<p><span>De 18:00 a 20:00<\/span><\/p>\n<p>[\/et_pb_accordion_item][\/et_pb_accordion][\/et_pb_column][\/et_pb_row][\/et_pb_section]<\/p>\n","protected":false},"excerpt":{"rendered":"<p>Requisitos : nivel A2 validadoDescripci\u00f3n del cursoEste curso est\u00e1 destinado a los profesionales de la salud extranjeros (m\u00e9dicos, enfermeras, personal hospitalario,) que ejercen o se espera que ejerzan en la Suiza franc\u00f3fona.Finalidad:\u00a0 Adquirir el vocabulario y las expresiones utilizadas en los hospitales. Practicar la utilizaci\u00f3n de los tiempos verbales a emplear y la pronunciaci\u00f3n para [&hellip;]<\/p>\n","protected":false},"author":1,"featured_media":29146,"comment_status":"closed","ping_status":"open","sticky":false,"template":"","format":"standard","meta":{"_et_pb_use_builder":"on","_et_pb_old_content":"[et_pb_section fb_built=\"1\" _builder_version=\"4.22.2\" _module_preset=\"default\" global_colors_info=\"{}\"][et_pb_row _builder_version=\"4.22.2\" _module_preset=\"default\" global_colors_info=\"{}\"][et_pb_column type=\"4_4\" _builder_version=\"4.22.2\" _module_preset=\"default\" global_colors_info=\"{}\"][et_pb_text _builder_version=\"4.23\" _module_preset=\"default\" global_colors_info=\"{}\"]\n<h3>Descriptif du cours<\/h3>\n[\/et_pb_text][et_pb_text _builder_version=\"4.23\" _module_preset=\"default\" hover_enabled=\"0\" global_colors_info=\"{}\" sticky_enabled=\"0\"]\n\n<strong>Ce cours s\u2019adresse aux professionnels de la sant\u00e9 (m\u00e9decins, infirmiers, personnel hospitalier,\u2026) \u00e9trangers en exercice ou amen\u00e9s \u00e0 exercer \u00e0 Gen\u00e8ve.<\/strong>\n\n<strong>Finalit\u00e9s :<\/strong>\n\n<em>Acqu\u00e9rir le vocabulaire et les expressions utilis\u00e9s en milieu hospitalier. Travailler les temps employ\u00e9s et la prononciation pour parvenir \u00e0 se faire comprendre des patients\/coll\u00e8gues de travail, par le biais de simulations de consultations personnel m\u00e9dical\/patients.<\/em>\n\n<strong>Objectifs\u00a0p\u00e9dagogiques:\u00a0<\/strong>\n\nA<em>pprendre au soignant \u00e9tranger \u00e0 comprendre et dialoguer avec le patient.<\/em>\n\n<em>Aider le soignant \u00e9tranger \u00e0 dialoguer avec l\u2019\u00e9quipe m\u00e9dicale francophone.<\/em>\n\n<strong>Certification\u00a0:<\/strong>\n\n<em>Attestation de participation et de r\u00e9ussite \u00e0 l\u2019examen pr\u00e9vu par l\u2019\u00e9cole PEG.<\/em>\n\nConsultez nos<span>\u00a0<\/span><a href=\"https:\/\/www.ecole-peg.ch\/tarifs\/\">tarifs<\/a>\n\nCours donnant droit au<span>\u00a0<\/span><a href=\"https:\/\/www.ge.ch\/beneficier-cheque-annuel-formation\">CAF<\/a>\n\nR\u00e9f\u00e9rence cours: 3807. Code institution: 248\n\n[\/et_pb_text][\/et_pb_column][\/et_pb_row][et_pb_row column_structure=\"1_2,1_2\" _builder_version=\"4.22.2\" _module_preset=\"default\" global_colors_info=\"{}\"][et_pb_column type=\"1_2\" _builder_version=\"4.22.2\" _module_preset=\"default\" global_colors_info=\"{}\"][et_pb_button button_url=\"https:\/\/www.ecole-peg.ch\/pre-inscription\/\" button_text=\"Je m'inscrit\" button_alignment=\"center\" _builder_version=\"4.23\" _module_preset=\"default\" global_colors_info=\"{}\"][\/et_pb_button][\/et_pb_column][et_pb_column type=\"1_2\" _builder_version=\"4.22.2\" _module_preset=\"default\" global_colors_info=\"{}\"][\/et_pb_column][\/et_pb_row][\/et_pb_section]","_et_gb_content_width":"","footnotes":""},"categories":[97,88],"tags":[],"class_list":["post-29760","post","type-post","status-publish","format-standard","has-post-thumbnail","hentry","category-clases-nocturnas","category-cursos"],"_links":{"self":[{"href":"https:\/\/ecole-peg.ch\/es\/wp-json\/wp\/v2\/posts\/29760","targetHints":{"allow":["GET"]}}],"collection":[{"href":"https:\/\/ecole-peg.ch\/es\/wp-json\/wp\/v2\/posts"}],"about":[{"href":"https:\/\/ecole-peg.ch\/es\/wp-json\/wp\/v2\/types\/post"}],"author":[{"embeddable":true,"href":"https:\/\/ecole-peg.ch\/es\/wp-json\/wp\/v2\/users\/1"}],"replies":[{"embeddable":true,"href":"https:\/\/ecole-peg.ch\/es\/wp-json\/wp\/v2\/comments?post=29760"}],"version-history":[{"count":7,"href":"https:\/\/ecole-peg.ch\/es\/wp-json\/wp\/v2\/posts\/29760\/revisions"}],"predecessor-version":[{"id":32164,"href":"https:\/\/ecole-peg.ch\/es\/wp-json\/wp\/v2\/posts\/29760\/revisions\/32164"}],"wp:featuredmedia":[{"embeddable":true,"href":"https:\/\/ecole-peg.ch\/es\/wp-json\/wp\/v2\/media\/29146"}],"wp:attachment":[{"href":"https:\/\/ecole-peg.ch\/es\/wp-json\/wp\/v2\/media?parent=29760"}],"wp:term":[{"taxonomy":"category","embeddable":true,"href":"https:\/\/ecole-peg.ch\/es\/wp-json\/wp\/v2\/categories?post=29760"},{"taxonomy":"post_tag","embeddable":true,"href":"https:\/\/ecole-peg.ch\/es\/wp-json\/wp\/v2\/tags?post=29760"}],"curies":[{"name":"wp","href":"https:\/\/api.w.org\/{rel}","templated":true}]}}